{"id":63315,"date":"2026-09-03T12:53:06","date_gmt":"2026-09-03T15:53:06","guid":{"rendered":"https:\/\/sinasefepa.org.br\/site\/?p=63315"},"modified":"2026-09-03T12:57:03","modified_gmt":"2026-09-03T15:57:03","slug":"63315","status":"publish","type":"post","link":"https:\/\/sinasefepa.org.br\/site\/2026\/09\/03\/63315\/","title":{"rendered":"50\u00aa AGE vai referendar representantes da Se\u00e7\u00e3o Sindical IFPA, CTRB e CIABA para o 38\u00ba CONSINASEFE"},"content":{"rendered":"\n<figure class=\"wp-block-image size-large\"><img fetchpriority=\"high\" decoding=\"async\" width=\"819\" height=\"1024\" src=\"https:\/\/sinasefepa.org.br\/site\/wp-content\/uploads\/2026\/09\/50AGE_10_09_26-819x1024.png\" alt=\"\" class=\"wp-image-63316\" srcset=\"https:\/\/sinasefepa.org.br\/site\/wp-content\/uploads\/2026\/09\/50AGE_10_09_26-819x1024.png 819w, https:\/\/sinasefepa.org.br\/site\/wp-content\/uploads\/2026\/09\/50AGE_10_09_26-240x300.png 240w, https:\/\/sinasefepa.org.br\/site\/wp-content\/uploads\/2026\/09\/50AGE_10_09_26-768x960.png 768w, https:\/\/sinasefepa.org.br\/site\/wp-content\/uploads\/2026\/09\/50AGE_10_09_26.png 1080w\" sizes=\"(max-width: 819px) 100vw, 819px\" \/><\/figure>\n\n\n\n<p class=\"wp-block-paragraph\">O SINASEFE IFPA, CTRB e CIABA convoca as delegadas e os delegados eleitos nas Assembleias Locais (AL) para a 50\u00aa Assembleia Geral Estadual (AGE), marcada para o dia 10 de setembro, com \u00faltima chamada \u00e0s 16h, em formato remoto, pela plataforma Zoom.<\/p>\n\n\n\n<p class=\"wp-block-paragraph\">O f\u00f3rum da Se\u00e7\u00e3o Sindical vai referendar as delegadas e os delegados eleitos pela base para participar do 38\u00ba CONSINASEFE, que ser\u00e1 realizado em Bras\u00edlia-DF, de 3 a 7 de novembro de 2026, com o tema <em>\u201cFortalecer o SINASEFE para defender a educa\u00e7\u00e3o p\u00fablica, a democracia, a soberania e a luta da classe trabalhadora contra o neoliberalismo e a extrema direita\u201d<\/em>.<\/p>\n\n\n\n<p class=\"wp-block-paragraph\">Com <a href=\"https:\/\/sinasefe.org.br\/consinasefe\/o-que-e-2\">car\u00e1ter eleitoral<\/a>, o 38\u00ba CONSINASEFE realizar\u00e1 elei\u00e7\u00f5es simult\u00e2neas para o <a href=\"https:\/\/sinasefe.org.br\/site\/comissoes\/conselho-fiscal\">Conselho Fiscal<\/a>, o <a href=\"https:\/\/sinasefe.org.br\/site\/comissoes\/conselho-de-etica\">Conselho de \u00c9tica<\/a> e a 16\u00aa <a href=\"https:\/\/sinasefe.org.br\/site\/sinasefe\/direcao-nacional\">Dire\u00e7\u00e3o Nacional Colegiada<\/a> do SINASEFE, todos com mandato para o bi\u00eanio 2026-2028.<\/p>\n\n\n\n<p class=\"wp-block-paragraph\">Acompanhe e participe!<\/p>\n\n\n\n<h3 class=\"wp-block-heading\">Edital da 50\u00aa AGE<\/h3>\n\n\n\n<div data-wp-interactive=\"core\/file\" class=\"wp-block-file\"><object data-wp-bind--hidden=\"!state.hasPdfPreview\" hidden class=\"wp-block-file__embed\" data=\"https:\/\/sinasefepa.org.br\/site\/wp-content\/uploads\/2026\/09\/50AGE_10_09_26.pdf\" type=\"application\/pdf\" style=\"width:100%;height:600px\" aria-label=\"Incorporado de 50AGE_10_09_26.\"><\/object><a id=\"wp-block-file--media-b24fd2a5-4dae-4039-9d0b-bf9e2872a67e\" href=\"https:\/\/sinasefepa.org.br\/site\/wp-content\/uploads\/2026\/09\/50AGE_10_09_26.pdf\">50AGE_10_09_26<\/a><a href=\"https:\/\/sinasefepa.org.br\/site\/wp-content\/uploads\/2026\/09\/50AGE_10_09_26.pdf\" class=\"wp-block-file__button wp-element-button\" download aria-describedby=\"wp-block-file--media-b24fd2a5-4dae-4039-9d0b-bf9e2872a67e\">Baixar<\/a><\/div>\n\n\n\n<h3 class=\"wp-block-heading\">Programa\u00e7\u00e3o<\/h3>\n\n\n\n<p class=\"wp-block-paragraph\">Confira a\u00a0<a href=\"https:\/\/sinasefe.org.br\/site\/download\/programacao-do-38o-consinasefe\" target=\"_blank\" rel=\"noopener\">programa\u00e7\u00e3o<\/a>\u00a0do 38\u00ba CONSINASEFE, aprovada nas\u00a0<a href=\"https:\/\/sinasefe.org.br\/site\/209a-plena-deliberacoes-aprovadas\" target=\"_blank\" rel=\"noopener\">209\u00aa<\/a>\u00a0e\u00a0<a href=\"https:\/\/sinasefe.org.br\/site\/210a-plena-deliberacoes-aprovadas\" target=\"_blank\" rel=\"noopener\">210\u00aa<\/a>\u00a0Plen\u00e1rias Nacionais do SINASEFE\u00a0como parte integrante do\u00a0<a href=\"https:\/\/sinasefe.org.br\/site\/download\/regimento-interno-do-38o-consinasefe\" target=\"_blank\" rel=\"noopener\">Regimento Interno do 38\u00ba CONSINASEFE<\/a>:<\/p>\n\n\n\n<div data-wp-interactive=\"core\/file\" class=\"wp-block-file\"><object data-wp-bind--hidden=\"!state.hasPdfPreview\" hidden class=\"wp-block-file__embed\" data=\"https:\/\/sinasefepa.org.br\/site\/wp-content\/uploads\/2026\/09\/Programacao38CONSINASEFE.pdf\" type=\"application\/pdf\" style=\"width:100%;height:600px\" aria-label=\"Incorporado de Programacao38CONSINASEFE.\"><\/object><a id=\"wp-block-file--media-2bc67b66-7fa9-40a5-8e2b-dd3fa8931411\" href=\"https:\/\/sinasefepa.org.br\/site\/wp-content\/uploads\/2026\/09\/Programacao38CONSINASEFE.pdf\">Programacao38CONSINASEFE<\/a><a href=\"https:\/\/sinasefepa.org.br\/site\/wp-content\/uploads\/2026\/09\/Programacao38CONSINASEFE.pdf\" class=\"wp-block-file__button wp-element-button\" download aria-describedby=\"wp-block-file--media-2bc67b66-7fa9-40a5-8e2b-dd3fa8931411\">Baixar<\/a><\/div>\n","protected":false},"excerpt":{"rendered":"<p>O SINASEFE IFPA, CTRB e CIABA convoca as delegadas e os delegados eleitos nas Assembleias Locais (AL) para a 50\u00aa Assembleia Geral Estadual (AGE), marcada para o dia 10 de setembro, com \u00faltima chamada \u00e0s 16h, em formato remoto, pela plataforma Zoom. O f\u00f3rum da Se\u00e7\u00e3o Sindical vai referendar as delegadas e os delegados eleitos [&hellip;]<\/p>\n","protected":false},"author":2,"featured_media":63316,"comment_status":"closed","ping_status":"open","sticky":false,"template":"","format":"standard","meta":{"footnotes":""},"categories":[4,6],"tags":[],"class_list":["post-63315","post","type-post","status-publish","format-standard","has-post-thumbnail","hentry","category-destaques","category-ultimas-noticias"],"_links":{"self":[{"href":"https:\/\/sinasefepa.org.br\/site\/wp-json\/wp\/v2\/posts\/63315","targetHints":{"allow":["GET"]}}],"collection":[{"href":"https:\/\/sinasefepa.org.br\/site\/wp-json\/wp\/v2\/posts"}],"about":[{"href":"https:\/\/sinasefepa.org.br\/site\/wp-json\/wp\/v2\/types\/post"}],"author":[{"embeddable":true,"href":"https:\/\/sinasefepa.org.br\/site\/wp-json\/wp\/v2\/users\/2"}],"replies":[{"embeddable":true,"href":"https:\/\/sinasefepa.org.br\/site\/wp-json\/wp\/v2\/comments?post=63315"}],"version-history":[{"count":3,"href":"https:\/\/sinasefepa.org.br\/site\/wp-json\/wp\/v2\/posts\/63315\/revisions"}],"predecessor-version":[{"id":63322,"href":"https:\/\/sinasefepa.org.br\/site\/wp-json\/wp\/v2\/posts\/63315\/revisions\/63322"}],"wp:featuredmedia":[{"embeddable":true,"href":"https:\/\/sinasefepa.org.br\/site\/wp-json\/wp\/v2\/media\/63316"}],"wp:attachment":[{"href":"https:\/\/sinasefepa.org.br\/site\/wp-json\/wp\/v2\/media?parent=63315"}],"wp:term":[{"taxonomy":"category","embeddable":true,"href":"https:\/\/sinasefepa.org.br\/site\/wp-json\/wp\/v2\/categories?post=63315"},{"taxonomy":"post_tag","embeddable":true,"href":"https:\/\/sinasefepa.org.br\/site\/wp-json\/wp\/v2\/tags?post=63315"}],"curies":[{"name":"wp","href":"https:\/\/api.w.org\/{rel}","templated":true}]}}